{"id":4433,"date":"2020-06-25T11:16:18","date_gmt":"2020-06-25T09:16:18","guid":{"rendered":"https:\/\/www.dixence-resort.ch\/?p=4433"},"modified":"2020-06-25T11:16:18","modified_gmt":"2020-06-25T09:16:18","slug":"linalpe-a-major-traditional-festival","status":"publish","type":"post","link":"https:\/\/www.dixence-resort.ch\/en\/linalpe-a-major-traditional-festival\/","title":{"rendered":"Inalpe: A Major Traditional Festival"},"content":{"rendered":"\n<style type=\"text\/css\" data-created_by=\"avia_inline_auto\" id=\"style-css-av-b7oi9-6291ce38227608a533c3d657226b702c\">\n.avia-section.av-b7oi9-6291ce38227608a533c3d657226b702c{\nbackground-repeat:no-repeat;\nbackground-image:url(https:\/\/www.dixence-resort.ch\/wp-content\/uploads\/2020\/06\/DSC_0468-Copie-1030x687.jpg);\nbackground-position:50% 0%;\nbackground-attachment:fixed;\n}\n.avia-section.av-b7oi9-6291ce38227608a533c3d657226b702c .av-section-color-overlay{\nopacity:0.5;\nbackground-color:#0a0a0a;\n}\n<\/style>\n<div id='av_section_1'  class='avia-section av-b7oi9-6291ce38227608a533c3d657226b702c main_color avia-section-huge avia-no-border-styling  avia-builder-el-0  el_before_av_textblock  avia-builder-el-first  avia-full-stretch avia-bg-style-fixed av-section-color-overlay-active container_wrap sidebar_right'  data-section-bg-repeat='stretch'><div class=\"av-section-color-overlay-wrap\"><div class=\"av-section-color-overlay\"><\/div><div class='container av-section-cont-open' ><main  role=\"main\" itemprop=\"mainContentOfPage\"  class='template-page content  av-content-small alpha units'><div class='post-entry post-entry-type-page post-entry-4433'><div class='entry-content-wrapper clearfix'>\n\n<style type=\"text\/css\" data-created_by=\"avia_inline_auto\" id=\"style-css-av-kbugksm9-b7973549466dcad8cbd1c00deb6cfdf0\">\n#top .av-special-heading.av-kbugksm9-b7973549466dcad8cbd1c00deb6cfdf0{\npadding-bottom:10px;\ncolor:#ffffff;\n}\nbody .av-special-heading.av-kbugksm9-b7973549466dcad8cbd1c00deb6cfdf0 .av-special-heading-tag .heading-char{\nfont-size:25px;\n}\n.av-special-heading.av-kbugksm9-b7973549466dcad8cbd1c00deb6cfdf0 .special-heading-inner-border{\nborder-color:#ffffff;\n}\n.av-special-heading.av-kbugksm9-b7973549466dcad8cbd1c00deb6cfdf0 .av-subheading{\nfont-size:15px;\n}\n<\/style>\n<div  class='av-special-heading av-kbugksm9-b7973549466dcad8cbd1c00deb6cfdf0 av-special-heading-h1 custom-color-heading blockquote modern-quote modern-centered  avia-builder-el-1  avia-builder-el-no-sibling  av-linked-heading'><h1 class='av-special-heading-tag '  itemprop=\"headline\"  >Inalpe: A Major Traditional Festival<\/h1><div class=\"special-heading-border\"><div class=\"special-heading-inner-border\"><\/div><\/div><\/div>\n<\/div><\/div><\/main><!-- close content main element --><\/div><\/div><\/div><div id='after_section_1'  class='main_color av_default_container_wrap container_wrap sidebar_right'  ><div class='container av-section-cont-open' ><div class='template-page content  av-content-small alpha units'><div class='post-entry post-entry-type-page post-entry-4433'><div class='entry-content-wrapper clearfix'>\n<section  class='av_textblock_section av-kbufmyzm-e52df1148de75fc124465b81ed45834b '   itemscope=\"itemscope\" itemtype=\"https:\/\/schema.org\/BlogPosting\" itemprop=\"blogPost\" ><div class='avia_textblock'  itemprop=\"text\" ><p>Every year in June, <strong>inalpe festivals take place across a number of towns and alpine pastures in the canton of Valais<\/strong>. This folkloric day, sometimes accompanied by special events, marks the time when <strong>H\u00e9rens cattle<\/strong> establish a hierarchy within the herd through fighting, a behaviour that continues throughout their stay in the pastures.<\/p>\n<p><img loading=\"lazy\" decoding=\"async\" class=\"alignnone size-large wp-image-4453\" src=\"https:\/\/www.dixence-resort.ch\/wp-content\/uploads\/2020\/06\/images_inalpe-1030x687.jpg\" alt=\"\" width=\"1030\" height=\"687\" srcset=\"https:\/\/www.dixence-resort.ch\/wp-content\/uploads\/2020\/06\/images_inalpe-1030x687.jpg 1030w, https:\/\/www.dixence-resort.ch\/wp-content\/uploads\/2020\/06\/images_inalpe-300x200.jpg 300w, https:\/\/www.dixence-resort.ch\/wp-content\/uploads\/2020\/06\/images_inalpe-768x512.jpg 768w, https:\/\/www.dixence-resort.ch\/wp-content\/uploads\/2020\/06\/images_inalpe-705x470.jpg 705w, https:\/\/www.dixence-resort.ch\/wp-content\/uploads\/2020\/06\/images_inalpe.jpg 1200w\" sizes=\"auto, (max-width: 1030px) 100vw, 1030px\" \/><\/p>\n<p>Although events in Mandelon and Thyon have already taken place this year, <strong>the inalpe festival at Combyre<\/strong>, on the heights of Veysonnaz, is set to take place <strong>on Saturday 27 June<\/strong> with a select group.<\/p>\n<p>The programme usually includes blessing and mixing the herds, with many fights taking place. Accompanying the day of festivities will be canteen style restaurants, eateries for grilled food and raclette, refreshments and music, all in a beautiful alpine setting.<\/p>\n<p><img loading=\"lazy\" decoding=\"async\" class=\"alignnone size-large wp-image-4455\" src=\"https:\/\/www.dixence-resort.ch\/wp-content\/uploads\/2020\/06\/images_inalpe3-1030x687.jpg\" alt=\"\" width=\"1030\" height=\"687\" srcset=\"https:\/\/www.dixence-resort.ch\/wp-content\/uploads\/2020\/06\/images_inalpe3-1030x687.jpg 1030w, https:\/\/www.dixence-resort.ch\/wp-content\/uploads\/2020\/06\/images_inalpe3-300x200.jpg 300w, https:\/\/www.dixence-resort.ch\/wp-content\/uploads\/2020\/06\/images_inalpe3-768x512.jpg 768w, https:\/\/www.dixence-resort.ch\/wp-content\/uploads\/2020\/06\/images_inalpe3-705x470.jpg 705w, https:\/\/www.dixence-resort.ch\/wp-content\/uploads\/2020\/06\/images_inalpe3.jpg 1200w\" sizes=\"auto, (max-width: 1030px) 100vw, 1030px\" \/><\/p>\n<p><img loading=\"lazy\" decoding=\"async\" class=\"alignnone size-large wp-image-4457\" src=\"https:\/\/www.dixence-resort.ch\/wp-content\/uploads\/2020\/06\/images_inalpe2-1030x687.jpg\" alt=\"\" width=\"1030\" height=\"687\" srcset=\"https:\/\/www.dixence-resort.ch\/wp-content\/uploads\/2020\/06\/images_inalpe2-1030x687.jpg 1030w, https:\/\/www.dixence-resort.ch\/wp-content\/uploads\/2020\/06\/images_inalpe2-300x200.jpg 300w, https:\/\/www.dixence-resort.ch\/wp-content\/uploads\/2020\/06\/images_inalpe2-768x512.jpg 768w, https:\/\/www.dixence-resort.ch\/wp-content\/uploads\/2020\/06\/images_inalpe2-705x470.jpg 705w, https:\/\/www.dixence-resort.ch\/wp-content\/uploads\/2020\/06\/images_inalpe2.jpg 1200w\" sizes=\"auto, (max-width: 1030px) 100vw, 1030px\" \/><\/p>\n<h2>What is the \u201cinalpe\u201d?<\/h2>\n<p>An age-old tradition that still attracts lots of people, the \u201cinalpe\u201d is a special moment for breeders in the <strong>Val d\u2019H\u00e9rens valley<\/strong>: cattle leave their stables and cabins to go out to pasture, where all the herds mix.<\/p>\n<p>Before spending the summer on high pastures, the black horned cows compete to establish the herd hierarchy. The fights are often open to the public, but carried out in a natural way led by the cows\u2019 instincts.<\/p>\n<p><img loading=\"lazy\" decoding=\"async\" class=\"alignnone size-large wp-image-4459\" src=\"https:\/\/www.dixence-resort.ch\/wp-content\/uploads\/2020\/06\/images_inalpe5-1030x687.jpg\" alt=\"\" width=\"1030\" height=\"687\" srcset=\"https:\/\/www.dixence-resort.ch\/wp-content\/uploads\/2020\/06\/images_inalpe5-1030x687.jpg 1030w, https:\/\/www.dixence-resort.ch\/wp-content\/uploads\/2020\/06\/images_inalpe5-300x200.jpg 300w, https:\/\/www.dixence-resort.ch\/wp-content\/uploads\/2020\/06\/images_inalpe5-768x512.jpg 768w, https:\/\/www.dixence-resort.ch\/wp-content\/uploads\/2020\/06\/images_inalpe5-705x470.jpg 705w, https:\/\/www.dixence-resort.ch\/wp-content\/uploads\/2020\/06\/images_inalpe5.jpg 1200w\" sizes=\"auto, (max-width: 1030px) 100vw, 1030px\" \/><\/p>\n<p>The winner is crowned queen, becoming the pride of her owner and guiding the herd throughout the summer. But the hierarchy changes over the summer months, and a queen is appointed to lead the \u201cd\u00e9salpe\u201d, the descent from the alpine pastures.<\/p>\n<p>The \u201cd\u00e9salpe\u201d takes place in mid-September, with the descent marking the end of the season.<\/p>\n<h2>H\u00e9rens breed cattle<\/h2>\n<p>All muscle and energy, this alpine breed is the pride of the <strong>H\u00e9r\u00e9mence region\u2019s inhabitants<\/strong>, not to mention of all breeders in the canton of Valais. During the fights, which attract a large number of spectators from all over Switzerland, the cows begin confrontations by pushing each other with their heads and horns.<\/p>\n<p>In an impressive play for power, the winner is announced when one of the cows turns away from its opponent or refuses the fight as a sign of submission.<\/p>\n<p><img loading=\"lazy\" decoding=\"async\" class=\"alignnone size-large wp-image-4461\" src=\"https:\/\/www.dixence-resort.ch\/wp-content\/uploads\/2020\/06\/images_inalpe4-1030x687.jpg\" alt=\"\" width=\"1030\" height=\"687\" srcset=\"https:\/\/www.dixence-resort.ch\/wp-content\/uploads\/2020\/06\/images_inalpe4-1030x687.jpg 1030w, https:\/\/www.dixence-resort.ch\/wp-content\/uploads\/2020\/06\/images_inalpe4-300x200.jpg 300w, https:\/\/www.dixence-resort.ch\/wp-content\/uploads\/2020\/06\/images_inalpe4-768x512.jpg 768w, https:\/\/www.dixence-resort.ch\/wp-content\/uploads\/2020\/06\/images_inalpe4-705x470.jpg 705w, https:\/\/www.dixence-resort.ch\/wp-content\/uploads\/2020\/06\/images_inalpe4.jpg 1200w\" sizes=\"auto, (max-width: 1030px) 100vw, 1030px\" \/><\/p>\n<p>A short legged mountain dweller, H\u00e9rens cattle cannot be compared to dairy cows: they can easily climb up to 3,000 metres above sea level. Strong, proud and combative, they have a lively, aggressive temperament when brought together for mixing, but they can also be very sweet and docile, getting strongly attached to their owners. Cows belonging to the H\u00e9rens breed are a symbol of pride for locals, who love to pamper them.<\/p>\n<p><img loading=\"lazy\" decoding=\"async\" class=\"alignnone size-large wp-image-4463\" src=\"https:\/\/www.dixence-resort.ch\/wp-content\/uploads\/2020\/06\/images_inalpe6-1030x687.jpg\" alt=\"\" width=\"1030\" height=\"687\" srcset=\"https:\/\/www.dixence-resort.ch\/wp-content\/uploads\/2020\/06\/images_inalpe6-1030x687.jpg 1030w, https:\/\/www.dixence-resort.ch\/wp-content\/uploads\/2020\/06\/images_inalpe6-300x200.jpg 300w, https:\/\/www.dixence-resort.ch\/wp-content\/uploads\/2020\/06\/images_inalpe6-768x512.jpg 768w, https:\/\/www.dixence-resort.ch\/wp-content\/uploads\/2020\/06\/images_inalpe6-705x470.jpg 705w, https:\/\/www.dixence-resort.ch\/wp-content\/uploads\/2020\/06\/images_inalpe6.jpg 1200w\" sizes=\"auto, (max-width: 1030px) 100vw, 1030px\" \/><\/p>\n<h2>Can\u2019t make it to the next inalpe?<\/h2>\n<p>Come and see the H\u00e9rens cattle in the summer season on family hikes through <strong>the Valais alpine pastures<\/strong>, or watch<strong> alpine cheese making<\/strong> in action.<\/p>\n<p><img loading=\"lazy\" decoding=\"async\" class=\"alignnone size-large wp-image-4465\" src=\"https:\/\/www.dixence-resort.ch\/wp-content\/uploads\/2020\/06\/images_inalpe7-1030x687.jpg\" alt=\"\" width=\"1030\" height=\"687\" srcset=\"https:\/\/www.dixence-resort.ch\/wp-content\/uploads\/2020\/06\/images_inalpe7-1030x687.jpg 1030w, https:\/\/www.dixence-resort.ch\/wp-content\/uploads\/2020\/06\/images_inalpe7-300x200.jpg 300w, https:\/\/www.dixence-resort.ch\/wp-content\/uploads\/2020\/06\/images_inalpe7-768x512.jpg 768w, https:\/\/www.dixence-resort.ch\/wp-content\/uploads\/2020\/06\/images_inalpe7-705x470.jpg 705w, https:\/\/www.dixence-resort.ch\/wp-content\/uploads\/2020\/06\/images_inalpe7.jpg 1200w\" sizes=\"auto, (max-width: 1030px) 100vw, 1030px\" \/><\/p>\n<p><a href=\"https:\/\/www.valdherens.ch\/fr\/patrimoine-terroir\/agritourisme\/agritourisme.htm\">More Information<\/a><\/p>\n<\/div><\/section>\n<div  class='av-social-sharing-box av-kbuft3lf-1a608f3bbb329fa1bd99f041fd402f79 av-social-sharing-box-default  avia-builder-el-3  el_after_av_textblock  avia-builder-el-last  av-social-sharing-box-fullwidth'><div class=\"av-share-box\"><h5 class='av-share-link-description av-no-toc '>Share this article<\/h5><ul class=\"av-share-box-list noLightbox\"><li class='av-share-link av-social-link-facebook avia_social_iconfont' ><a target=\"_blank\" aria-label=\"Share on Facebook\" href='https:\/\/www.facebook.com\/sharer.php?u=https:\/\/www.dixence-resort.ch\/en\/linalpe-a-major-traditional-festival\/&#038;t=Inalpe%3A%20A%20Major%20Traditional%20Festival' data-av_icon='\ue8f3' data-av_iconfont='entypo-fontello'  title='' data-avia-related-tooltip='Share on Facebook'><span class='avia_hidden_link_text'>Share on Facebook<\/span><\/a><\/li><li class='av-share-link av-social-link-twitter avia_social_iconfont' ><a target=\"_blank\" aria-label=\"Share on X\" href='https:\/\/twitter.com\/share?text=Inalpe%3A%20A%20Major%20Traditional%20Festival&#038;url=https:\/\/www.dixence-resort.ch\/en\/?p=4433' data-av_icon='\ue932' data-av_iconfont='entypo-fontello'  title='' data-avia-related-tooltip='Share on X'><span class='avia_hidden_link_text'>Share on X<\/span><\/a><\/li><li class='av-share-link av-social-link-whatsapp avia_social_iconfont' ><a target=\"_blank\" aria-label=\"Share on WhatsApp\" href='https:\/\/api.whatsapp.com\/send?text=https:\/\/www.dixence-resort.ch\/en\/linalpe-a-major-traditional-festival\/' data-av_icon='\uf232' data-av_iconfont='entypo-fontello'  title='' data-avia-related-tooltip='Share on WhatsApp'><span class='avia_hidden_link_text'>Share on WhatsApp<\/span><\/a><\/li><li class='av-share-link av-social-link-pinterest avia_social_iconfont' ><a target=\"_blank\" aria-label=\"Share on Pinterest\" href='https:\/\/pinterest.com\/pin\/create\/button\/?url=https%3A%2F%2Fwww.dixence-resort.ch%2Fen%2Flinalpe-a-major-traditional-festival%2F&#038;description=Inalpe%3A%20A%20Major%20Traditional%20Festival&#038;media=https%3A%2F%2Fwww.dixence-resort.ch%2Fwp-content%2Fuploads%2F2020%2F06%2Fmise_en_avant-Copie-705x467.jpg' data-av_icon='\ue8f8' data-av_iconfont='entypo-fontello'  title='' data-avia-related-tooltip='Share on Pinterest'><span class='avia_hidden_link_text'>Share on Pinterest<\/span><\/a><\/li><li class='av-share-link av-social-link-linkedin avia_social_iconfont' ><a target=\"_blank\" aria-label=\"Share on LinkedIn\" href='https:\/\/linkedin.com\/shareArticle?mini=true&#038;title=Inalpe%3A%20A%20Major%20Traditional%20Festival&#038;url=https:\/\/www.dixence-resort.ch\/en\/linalpe-a-major-traditional-festival\/' data-av_icon='\ue8fc' data-av_iconfont='entypo-fontello'  title='' data-avia-related-tooltip='Share on LinkedIn'><span class='avia_hidden_link_text'>Share on LinkedIn<\/span><\/a><\/li><li class='av-share-link av-social-link-mail avia_social_iconfont' ><a  aria-label=\"Share by Mail\" href='mailto:?subject=Inalpe%3A%20A%20Major%20Traditional%20Festival&#038;body=https:\/\/www.dixence-resort.ch\/en\/linalpe-a-major-traditional-festival\/' data-av_icon='\ue805' data-av_iconfont='entypo-fontello'  title='' data-avia-related-tooltip='Share by Mail'><span class='avia_hidden_link_text'>Share by Mail<\/span><\/a><\/li><\/ul><\/div><\/div>\n","protected":false},"excerpt":{"rendered":"<p>The inalpe festival at Combyre is set to take place on Saturday 27 June. Take the opportunity to visit the Val d&#8217;H\u00e9rens in Valais!<\/p>\n","protected":false},"author":2,"featured_media":4469,"comment_status":"closed","ping_status":"open","sticky":false,"template":"","format":"standard","meta":{"footnotes":""},"categories":[24,23],"tags":[],"class_list":["post-4433","post","type-post","status-publish","format-standard","has-post-thumbnail","hentry","category-leisure-activities","category-tradition-en"],"yoast_head":"<!-- This site is optimized with the Yoast SEO plugin v27.7 - https:\/\/yoast.com\/product\/yoast-seo-wordpress\/ -->\n<title>Inalpe festival in the Val d&#039;H\u00e9rens, Valais | Dixence Resort<\/title>\n<meta name=\"description\" content=\"Enjoy the Inalpe festival at Combyre,on the heights of Veysonnaz, on Saturday 27 June; a unique opportunity to discover H\u00e9r\u00e9mence region in the Val d&#039;H\u00e9rens\" \/>\n<meta name=\"robots\" content=\"index, follow, max-snippet:-1, max-image-preview:large, max-video-preview:-1\" \/>\n<link rel=\"canonical\" href=\"https:\/\/www.dixence-resort.ch\/en\/linalpe-a-major-traditional-festival\/\" \/>\n<meta property=\"og:locale\" content=\"en_US\" \/>\n<meta property=\"og:type\" content=\"article\" \/>\n<meta property=\"og:title\" content=\"Inalpe festival in the Val d&#039;H\u00e9rens, Valais | Dixence Resort\" \/>\n<meta property=\"og:description\" content=\"Enjoy the Inalpe festival at Combyre,on the heights of Veysonnaz, on Saturday 27 June; a unique opportunity to discover H\u00e9r\u00e9mence region in the Val d&#039;H\u00e9rens\" \/>\n<meta property=\"og:url\" content=\"https:\/\/www.dixence-resort.ch\/en\/linalpe-a-major-traditional-festival\/\" \/>\n<meta property=\"og:site_name\" content=\"Dixence Resort\" \/>\n<meta property=\"article:published_time\" content=\"2020-06-25T09:16:18+00:00\" \/>\n<meta property=\"og:image\" content=\"https:\/\/www.dixence-resort.ch\/wp-content\/uploads\/2020\/06\/mise_en_avant-Copie.jpg\" \/>\n\t<meta property=\"og:image:width\" content=\"2560\" \/>\n\t<meta property=\"og:image:height\" content=\"1695\" \/>\n\t<meta property=\"og:image:type\" content=\"image\/jpeg\" \/>\n<meta name=\"author\" content=\"M\u00e9lanie Buffe\" \/>\n<meta name=\"twitter:card\" content=\"summary_large_image\" \/>\n<meta name=\"twitter:label1\" content=\"Written by\" \/>\n\t<meta name=\"twitter:data1\" content=\"M\u00e9lanie Buffe\" \/>\n\t<meta name=\"twitter:label2\" content=\"Est. reading time\" \/>\n\t<meta name=\"twitter:data2\" content=\"4 minutes\" \/>\n<script type=\"application\/ld+json\" class=\"yoast-schema-graph\">{\"@context\":\"https:\\\/\\\/schema.org\",\"@graph\":[{\"@type\":\"Article\",\"@id\":\"https:\\\/\\\/www.dixence-resort.ch\\\/en\\\/linalpe-a-major-traditional-festival\\\/#article\",\"isPartOf\":{\"@id\":\"https:\\\/\\\/www.dixence-resort.ch\\\/en\\\/linalpe-a-major-traditional-festival\\\/\"},\"author\":{\"name\":\"M\u00e9lanie Buffe\",\"@id\":\"https:\\\/\\\/www.dixence-resort.ch\\\/en\\\/#\\\/schema\\\/person\\\/17539f6b219f0636d0571aa193d7b972\"},\"headline\":\"Inalpe: A Major Traditional Festival\",\"datePublished\":\"2020-06-25T09:16:18+00:00\",\"mainEntityOfPage\":{\"@id\":\"https:\\\/\\\/www.dixence-resort.ch\\\/en\\\/linalpe-a-major-traditional-festival\\\/\"},\"wordCount\":706,\"image\":{\"@id\":\"https:\\\/\\\/www.dixence-resort.ch\\\/en\\\/linalpe-a-major-traditional-festival\\\/#primaryimage\"},\"thumbnailUrl\":\"https:\\\/\\\/www.dixence-resort.ch\\\/wp-content\\\/uploads\\\/2020\\\/06\\\/mise_en_avant-Copie.jpg\",\"articleSection\":[\"Leisure activities\",\"Tradition\"],\"inLanguage\":\"en-US\"},{\"@type\":\"WebPage\",\"@id\":\"https:\\\/\\\/www.dixence-resort.ch\\\/en\\\/linalpe-a-major-traditional-festival\\\/\",\"url\":\"https:\\\/\\\/www.dixence-resort.ch\\\/en\\\/linalpe-a-major-traditional-festival\\\/\",\"name\":\"Inalpe festival in the Val d'H\u00e9rens, Valais | Dixence Resort\",\"isPartOf\":{\"@id\":\"https:\\\/\\\/www.dixence-resort.ch\\\/en\\\/#website\"},\"primaryImageOfPage\":{\"@id\":\"https:\\\/\\\/www.dixence-resort.ch\\\/en\\\/linalpe-a-major-traditional-festival\\\/#primaryimage\"},\"image\":{\"@id\":\"https:\\\/\\\/www.dixence-resort.ch\\\/en\\\/linalpe-a-major-traditional-festival\\\/#primaryimage\"},\"thumbnailUrl\":\"https:\\\/\\\/www.dixence-resort.ch\\\/wp-content\\\/uploads\\\/2020\\\/06\\\/mise_en_avant-Copie.jpg\",\"datePublished\":\"2020-06-25T09:16:18+00:00\",\"author\":{\"@id\":\"https:\\\/\\\/www.dixence-resort.ch\\\/en\\\/#\\\/schema\\\/person\\\/17539f6b219f0636d0571aa193d7b972\"},\"description\":\"Enjoy the Inalpe festival at Combyre,on the heights of Veysonnaz, on Saturday 27 June; a unique opportunity to discover H\u00e9r\u00e9mence region in the Val d'H\u00e9rens\",\"breadcrumb\":{\"@id\":\"https:\\\/\\\/www.dixence-resort.ch\\\/en\\\/linalpe-a-major-traditional-festival\\\/#breadcrumb\"},\"inLanguage\":\"en-US\",\"potentialAction\":[{\"@type\":\"ReadAction\",\"target\":[\"https:\\\/\\\/www.dixence-resort.ch\\\/en\\\/linalpe-a-major-traditional-festival\\\/\"]}]},{\"@type\":\"ImageObject\",\"inLanguage\":\"en-US\",\"@id\":\"https:\\\/\\\/www.dixence-resort.ch\\\/en\\\/linalpe-a-major-traditional-festival\\\/#primaryimage\",\"url\":\"https:\\\/\\\/www.dixence-resort.ch\\\/wp-content\\\/uploads\\\/2020\\\/06\\\/mise_en_avant-Copie.jpg\",\"contentUrl\":\"https:\\\/\\\/www.dixence-resort.ch\\\/wp-content\\\/uploads\\\/2020\\\/06\\\/mise_en_avant-Copie.jpg\",\"width\":2560,\"height\":1695},{\"@type\":\"BreadcrumbList\",\"@id\":\"https:\\\/\\\/www.dixence-resort.ch\\\/en\\\/linalpe-a-major-traditional-festival\\\/#breadcrumb\",\"itemListElement\":[{\"@type\":\"ListItem\",\"position\":1,\"name\":\"Accueil\",\"item\":\"https:\\\/\\\/www.dixence-resort.ch\\\/en\\\/accueil\\\/\"},{\"@type\":\"ListItem\",\"position\":2,\"name\":\"Inalpe: A Major Traditional Festival\"}]},{\"@type\":\"WebSite\",\"@id\":\"https:\\\/\\\/www.dixence-resort.ch\\\/en\\\/#website\",\"url\":\"https:\\\/\\\/www.dixence-resort.ch\\\/en\\\/\",\"name\":\"Dixence Resort\",\"description\":\"\",\"potentialAction\":[{\"@type\":\"SearchAction\",\"target\":{\"@type\":\"EntryPoint\",\"urlTemplate\":\"https:\\\/\\\/www.dixence-resort.ch\\\/en\\\/?s={search_term_string}\"},\"query-input\":{\"@type\":\"PropertyValueSpecification\",\"valueRequired\":true,\"valueName\":\"search_term_string\"}}],\"inLanguage\":\"en-US\"},{\"@type\":\"Person\",\"@id\":\"https:\\\/\\\/www.dixence-resort.ch\\\/en\\\/#\\\/schema\\\/person\\\/17539f6b219f0636d0571aa193d7b972\",\"name\":\"M\u00e9lanie Buffe\",\"image\":{\"@type\":\"ImageObject\",\"inLanguage\":\"en-US\",\"@id\":\"https:\\\/\\\/secure.gravatar.com\\\/avatar\\\/12d69acab1b0076b703100b1e789b9b2e50f9b1f70df75c77e5f6ab4b4caf065?s=96&d=mm&r=g\",\"url\":\"https:\\\/\\\/secure.gravatar.com\\\/avatar\\\/12d69acab1b0076b703100b1e789b9b2e50f9b1f70df75c77e5f6ab4b4caf065?s=96&d=mm&r=g\",\"contentUrl\":\"https:\\\/\\\/secure.gravatar.com\\\/avatar\\\/12d69acab1b0076b703100b1e789b9b2e50f9b1f70df75c77e5f6ab4b4caf065?s=96&d=mm&r=g\",\"caption\":\"M\u00e9lanie Buffe\"}}]}<\/script>\n<!-- \/ Yoast SEO plugin. -->","yoast_head_json":{"title":"Inalpe festival in the Val d'H\u00e9rens, Valais | Dixence Resort","description":"Enjoy the Inalpe festival at Combyre,on the heights of Veysonnaz, on Saturday 27 June; a unique opportunity to discover H\u00e9r\u00e9mence region in the Val d'H\u00e9rens","robots":{"index":"index","follow":"follow","max-snippet":"max-snippet:-1","max-image-preview":"max-image-preview:large","max-video-preview":"max-video-preview:-1"},"canonical":"https:\/\/www.dixence-resort.ch\/en\/linalpe-a-major-traditional-festival\/","og_locale":"en_US","og_type":"article","og_title":"Inalpe festival in the Val d'H\u00e9rens, Valais | Dixence Resort","og_description":"Enjoy the Inalpe festival at Combyre,on the heights of Veysonnaz, on Saturday 27 June; a unique opportunity to discover H\u00e9r\u00e9mence region in the Val d'H\u00e9rens","og_url":"https:\/\/www.dixence-resort.ch\/en\/linalpe-a-major-traditional-festival\/","og_site_name":"Dixence Resort","article_published_time":"2020-06-25T09:16:18+00:00","og_image":[{"width":2560,"height":1695,"url":"https:\/\/www.dixence-resort.ch\/wp-content\/uploads\/2020\/06\/mise_en_avant-Copie.jpg","type":"image\/jpeg"}],"author":"M\u00e9lanie Buffe","twitter_card":"summary_large_image","twitter_misc":{"Written by":"M\u00e9lanie Buffe","Est. reading time":"4 minutes"},"schema":{"@context":"https:\/\/schema.org","@graph":[{"@type":"Article","@id":"https:\/\/www.dixence-resort.ch\/en\/linalpe-a-major-traditional-festival\/#article","isPartOf":{"@id":"https:\/\/www.dixence-resort.ch\/en\/linalpe-a-major-traditional-festival\/"},"author":{"name":"M\u00e9lanie Buffe","@id":"https:\/\/www.dixence-resort.ch\/en\/#\/schema\/person\/17539f6b219f0636d0571aa193d7b972"},"headline":"Inalpe: A Major Traditional Festival","datePublished":"2020-06-25T09:16:18+00:00","mainEntityOfPage":{"@id":"https:\/\/www.dixence-resort.ch\/en\/linalpe-a-major-traditional-festival\/"},"wordCount":706,"image":{"@id":"https:\/\/www.dixence-resort.ch\/en\/linalpe-a-major-traditional-festival\/#primaryimage"},"thumbnailUrl":"https:\/\/www.dixence-resort.ch\/wp-content\/uploads\/2020\/06\/mise_en_avant-Copie.jpg","articleSection":["Leisure activities","Tradition"],"inLanguage":"en-US"},{"@type":"WebPage","@id":"https:\/\/www.dixence-resort.ch\/en\/linalpe-a-major-traditional-festival\/","url":"https:\/\/www.dixence-resort.ch\/en\/linalpe-a-major-traditional-festival\/","name":"Inalpe festival in the Val d'H\u00e9rens, Valais | Dixence Resort","isPartOf":{"@id":"https:\/\/www.dixence-resort.ch\/en\/#website"},"primaryImageOfPage":{"@id":"https:\/\/www.dixence-resort.ch\/en\/linalpe-a-major-traditional-festival\/#primaryimage"},"image":{"@id":"https:\/\/www.dixence-resort.ch\/en\/linalpe-a-major-traditional-festival\/#primaryimage"},"thumbnailUrl":"https:\/\/www.dixence-resort.ch\/wp-content\/uploads\/2020\/06\/mise_en_avant-Copie.jpg","datePublished":"2020-06-25T09:16:18+00:00","author":{"@id":"https:\/\/www.dixence-resort.ch\/en\/#\/schema\/person\/17539f6b219f0636d0571aa193d7b972"},"description":"Enjoy the Inalpe festival at Combyre,on the heights of Veysonnaz, on Saturday 27 June; a unique opportunity to discover H\u00e9r\u00e9mence region in the Val d'H\u00e9rens","breadcrumb":{"@id":"https:\/\/www.dixence-resort.ch\/en\/linalpe-a-major-traditional-festival\/#breadcrumb"},"inLanguage":"en-US","potentialAction":[{"@type":"ReadAction","target":["https:\/\/www.dixence-resort.ch\/en\/linalpe-a-major-traditional-festival\/"]}]},{"@type":"ImageObject","inLanguage":"en-US","@id":"https:\/\/www.dixence-resort.ch\/en\/linalpe-a-major-traditional-festival\/#primaryimage","url":"https:\/\/www.dixence-resort.ch\/wp-content\/uploads\/2020\/06\/mise_en_avant-Copie.jpg","contentUrl":"https:\/\/www.dixence-resort.ch\/wp-content\/uploads\/2020\/06\/mise_en_avant-Copie.jpg","width":2560,"height":1695},{"@type":"BreadcrumbList","@id":"https:\/\/www.dixence-resort.ch\/en\/linalpe-a-major-traditional-festival\/#breadcrumb","itemListElement":[{"@type":"ListItem","position":1,"name":"Accueil","item":"https:\/\/www.dixence-resort.ch\/en\/accueil\/"},{"@type":"ListItem","position":2,"name":"Inalpe: A Major Traditional Festival"}]},{"@type":"WebSite","@id":"https:\/\/www.dixence-resort.ch\/en\/#website","url":"https:\/\/www.dixence-resort.ch\/en\/","name":"Dixence Resort","description":"","potentialAction":[{"@type":"SearchAction","target":{"@type":"EntryPoint","urlTemplate":"https:\/\/www.dixence-resort.ch\/en\/?s={search_term_string}"},"query-input":{"@type":"PropertyValueSpecification","valueRequired":true,"valueName":"search_term_string"}}],"inLanguage":"en-US"},{"@type":"Person","@id":"https:\/\/www.dixence-resort.ch\/en\/#\/schema\/person\/17539f6b219f0636d0571aa193d7b972","name":"M\u00e9lanie Buffe","image":{"@type":"ImageObject","inLanguage":"en-US","@id":"https:\/\/secure.gravatar.com\/avatar\/12d69acab1b0076b703100b1e789b9b2e50f9b1f70df75c77e5f6ab4b4caf065?s=96&d=mm&r=g","url":"https:\/\/secure.gravatar.com\/avatar\/12d69acab1b0076b703100b1e789b9b2e50f9b1f70df75c77e5f6ab4b4caf065?s=96&d=mm&r=g","contentUrl":"https:\/\/secure.gravatar.com\/avatar\/12d69acab1b0076b703100b1e789b9b2e50f9b1f70df75c77e5f6ab4b4caf065?s=96&d=mm&r=g","caption":"M\u00e9lanie Buffe"}}]}},"_links":{"self":[{"href":"https:\/\/www.dixence-resort.ch\/en\/wp-json\/wp\/v2\/posts\/4433","targetHints":{"allow":["GET"]}}],"collection":[{"href":"https:\/\/www.dixence-resort.ch\/en\/wp-json\/wp\/v2\/posts"}],"about":[{"href":"https:\/\/www.dixence-resort.ch\/en\/wp-json\/wp\/v2\/types\/post"}],"author":[{"embeddable":true,"href":"https:\/\/www.dixence-resort.ch\/en\/wp-json\/wp\/v2\/users\/2"}],"replies":[{"embeddable":true,"href":"https:\/\/www.dixence-resort.ch\/en\/wp-json\/wp\/v2\/comments?post=4433"}],"version-history":[{"count":11,"href":"https:\/\/www.dixence-resort.ch\/en\/wp-json\/wp\/v2\/posts\/4433\/revisions"}],"predecessor-version":[{"id":4471,"href":"https:\/\/www.dixence-resort.ch\/en\/wp-json\/wp\/v2\/posts\/4433\/revisions\/4471"}],"wp:featuredmedia":[{"embeddable":true,"href":"https:\/\/www.dixence-resort.ch\/en\/wp-json\/wp\/v2\/media\/4469"}],"wp:attachment":[{"href":"https:\/\/www.dixence-resort.ch\/en\/wp-json\/wp\/v2\/media?parent=4433"}],"wp:term":[{"taxonomy":"category","embeddable":true,"href":"https:\/\/www.dixence-resort.ch\/en\/wp-json\/wp\/v2\/categories?post=4433"},{"taxonomy":"post_tag","embeddable":true,"href":"https:\/\/www.dixence-resort.ch\/en\/wp-json\/wp\/v2\/tags?post=4433"}],"curies":[{"name":"wp","href":"https:\/\/api.w.org\/{rel}","templated":true}]}}